{"id":892,"date":"2023-10-23T19:21:00","date_gmt":"2023-10-23T18:21:00","guid":{"rendered":"http:\/\/www.dora-cheng.com\/home\/?p=892"},"modified":"2023-11-29T14:17:16","modified_gmt":"2023-11-29T13:17:16","slug":"workshopmultilingualism-on-stage-in-a-global-context","status":"publish","type":"post","link":"http:\/\/www.dora-cheng.com\/home\/workshopmultilingualism-on-stage-in-a-global-context\/","title":{"rendered":"Workshop:Multilingualism on Stage in a Global Context <br>\u5de5\u4f5c\u574a\uff1a\u56fd\u9645\u89c6\u91ce\u4e0b\u7684\u591a\u8bed\u8a00\u620f\u5267"},"content":{"rendered":"\n<figure class=\"wp-block-image size-large\"><img data-recalc-dims=\"1\" loading=\"lazy\" decoding=\"async\" width=\"750\" height=\"750\" src=\"https:\/\/i0.wp.com\/www.dora-cheng.com\/home\/wp-content\/uploads\/2023\/11\/WechatIMG637.jpg?resize=750%2C750\" alt=\"\" class=\"wp-image-893\" srcset=\"https:\/\/i0.wp.com\/www.dora-cheng.com\/home\/wp-content\/uploads\/2023\/11\/WechatIMG637.jpg?resize=1024%2C1024 1024w, https:\/\/i0.wp.com\/www.dora-cheng.com\/home\/wp-content\/uploads\/2023\/11\/WechatIMG637.jpg?resize=300%2C300 300w, https:\/\/i0.wp.com\/www.dora-cheng.com\/home\/wp-content\/uploads\/2023\/11\/WechatIMG637.jpg?resize=150%2C150 150w, https:\/\/i0.wp.com\/www.dora-cheng.com\/home\/wp-content\/uploads\/2023\/11\/WechatIMG637.jpg?resize=768%2C768 768w, https:\/\/i0.wp.com\/www.dora-cheng.com\/home\/wp-content\/uploads\/2023\/11\/WechatIMG637.jpg?w=1080 1080w\" sizes=\"auto, (max-width: 750px) 100vw, 750px\" \/><\/figure>\n\n\n\n<figure class=\"wp-block-image size-large\"><img data-recalc-dims=\"1\" loading=\"lazy\" decoding=\"async\" width=\"750\" height=\"750\" src=\"https:\/\/i0.wp.com\/www.dora-cheng.com\/home\/wp-content\/uploads\/2023\/11\/WechatIMG638-1.jpg?resize=750%2C750\" alt=\"\" class=\"wp-image-896\" srcset=\"https:\/\/i0.wp.com\/www.dora-cheng.com\/home\/wp-content\/uploads\/2023\/11\/WechatIMG638-1.jpg?resize=1024%2C1024 1024w, https:\/\/i0.wp.com\/www.dora-cheng.com\/home\/wp-content\/uploads\/2023\/11\/WechatIMG638-1.jpg?resize=300%2C300 300w, https:\/\/i0.wp.com\/www.dora-cheng.com\/home\/wp-content\/uploads\/2023\/11\/WechatIMG638-1.jpg?resize=150%2C150 150w, https:\/\/i0.wp.com\/www.dora-cheng.com\/home\/wp-content\/uploads\/2023\/11\/WechatIMG638-1.jpg?resize=768%2C768 768w, https:\/\/i0.wp.com\/www.dora-cheng.com\/home\/wp-content\/uploads\/2023\/11\/WechatIMG638-1.jpg?w=1080 1080w\" sizes=\"auto, (max-width: 750px) 100vw, 750px\" \/><\/figure>\n\n\n\n<p><a href=\"https:\/\/www.drama-panorama.com\/en\/event\/workshop-multilingualism-on-stage-in-a-global-context\/\" data-type=\"link\" data-id=\"https:\/\/www.drama-panorama.com\/en\/event\/workshop-multilingualism-on-stage-in-a-global-context\/\"><strong>Workshop: Multilingualism on Stage in a Global Context <\/strong><\/a><br>Hosts:\u00a0Katharina R\u00f6sch and Henning Bochert<br>Guests:\u00a0Anne B\u00e9r\u00e9lowitch, Dora Yuemin Cheng, M\u00eerza Met\u00een<br>2023\/10\/23<br>Venue:\u00a0Refugio,\u00a0Berlin<\/p>\n\n\n\n<p><strong>\u5de5\u4f5c\u574a\uff1a\u56fd\u9645\u89c6\u91ce\u4e0b\u7684\u591a\u8bed\u8a00\u620f\u5267<\/strong><br>\u4e3b\u6301\u4eba\uff1a\u5361\u7279\u7433\u5a1c\u00b7\u7f57\u65af \u6c49\u5b81\u00b7\u6ce2\u5207\u7279<br>\u5609\u5bbe\uff1a\u5b89\u59ae\u00b7\u6bd4\u70ed\u6d1b\u7ef4\u5947 \u7a0b\u6708\u65fb \u7c73\u8d5e\u00b7\u83ab\u5ef7<br>2023\/10\/23<br>\u5730\u70b9\uff1a\u67cf\u6797<\/p>\n\n\n\n<p>We investigate this extensive subject area by exploring texts in a global context, focussing on the political aspects of multilingualism. Workshop leaders, guests, and participants propose texts which we discuss together. The workshop held in German and English (other languages may appear subject to the topic).<\/p>\n\n\n\n<p>\u6211\u4eec\u901a\u8fc7\u63a2\u8ba8\u5168\u7403\u80cc\u666f\u4e0b\u7684\u6587\u672c\u6765\u7814\u7a76\u8fd9\u4e00\u5e7f\u6cdb\u7684\u9886\u57df\uff0c\u91cd\u70b9\u5173\u6ce8\u591a\u8bed\u8a00\u4f7f\u7528\u7684\u653f\u6cbb\u610f\u4e49\u3002\u6211\u4eec\u5171\u540c\u8ba8\u8bba\u5de5\u4f5c\u574a\u8d1f\u5e26\u9886\u8005\u3001\u5609\u5bbe\u548c\u53c2\u4e0e\u8005\u63d0\u51fa\u6587\u672c\u3002\u5de5\u4f5c\u574a\u7684\u8bed\u8a00\u662f\u5fb7\u8bed\u548c\u82f1\u8bed\uff0c\uff08\u4e5f\u53ef\u6839\u636e\u4e3b\u9898\u4f7f\u7528\u5176\u4ed6\u8bed\u8a00\uff09\u3002<\/p>\n\n\n\n<hr class=\"wp-block-separator has-alpha-channel-opacity\"\/>\n\n\n\n<figure class=\"wp-block-gallery has-nested-images columns-default is-cropped wp-block-gallery-1 is-layout-flex wp-block-gallery-is-layout-flex\">\n<figure class=\"wp-block-image size-large\"><img data-recalc-dims=\"1\" loading=\"lazy\" decoding=\"async\" width=\"683\" height=\"1024\" data-id=\"897\" src=\"https:\/\/i0.wp.com\/www.dora-cheng.com\/home\/wp-content\/uploads\/2023\/11\/08543-1.jpg?resize=683%2C1024\" alt=\"\" class=\"wp-image-897\" srcset=\"https:\/\/i0.wp.com\/www.dora-cheng.com\/home\/wp-content\/uploads\/2023\/11\/08543-1-scaled.jpg?resize=683%2C1024 683w, https:\/\/i0.wp.com\/www.dora-cheng.com\/home\/wp-content\/uploads\/2023\/11\/08543-1-scaled.jpg?resize=200%2C300 200w, https:\/\/i0.wp.com\/www.dora-cheng.com\/home\/wp-content\/uploads\/2023\/11\/08543-1-scaled.jpg?resize=768%2C1152 768w, https:\/\/i0.wp.com\/www.dora-cheng.com\/home\/wp-content\/uploads\/2023\/11\/08543-1-scaled.jpg?resize=1024%2C1536 1024w, https:\/\/i0.wp.com\/www.dora-cheng.com\/home\/wp-content\/uploads\/2023\/11\/08543-1-scaled.jpg?resize=1365%2C2048 1365w, https:\/\/i0.wp.com\/www.dora-cheng.com\/home\/wp-content\/uploads\/2023\/11\/08543-1-scaled.jpg?resize=1568%2C2352 1568w, https:\/\/i0.wp.com\/www.dora-cheng.com\/home\/wp-content\/uploads\/2023\/11\/08543-1-scaled.jpg?w=1707 1707w, https:\/\/i0.wp.com\/www.dora-cheng.com\/home\/wp-content\/uploads\/2023\/11\/08543-1-scaled.jpg?w=1500 1500w\" sizes=\"auto, (max-width: 683px) 100vw, 683px\" \/><\/figure>\n<\/figure>\n\n\n\n<figure class=\"wp-block-image size-large\"><img data-recalc-dims=\"1\" loading=\"lazy\" decoding=\"async\" width=\"750\" height=\"500\" src=\"https:\/\/i0.wp.com\/www.dora-cheng.com\/home\/wp-content\/uploads\/2023\/11\/08551.jpg?resize=750%2C500\" alt=\"\" class=\"wp-image-898\" srcset=\"https:\/\/i0.wp.com\/www.dora-cheng.com\/home\/wp-content\/uploads\/2023\/11\/08551-scaled.jpg?resize=1024%2C683 1024w, https:\/\/i0.wp.com\/www.dora-cheng.com\/home\/wp-content\/uploads\/2023\/11\/08551-scaled.jpg?resize=300%2C200 300w, https:\/\/i0.wp.com\/www.dora-cheng.com\/home\/wp-content\/uploads\/2023\/11\/08551-scaled.jpg?resize=768%2C512 768w, https:\/\/i0.wp.com\/www.dora-cheng.com\/home\/wp-content\/uploads\/2023\/11\/08551-scaled.jpg?resize=1536%2C1024 1536w, https:\/\/i0.wp.com\/www.dora-cheng.com\/home\/wp-content\/uploads\/2023\/11\/08551-scaled.jpg?resize=2048%2C1365 2048w, https:\/\/i0.wp.com\/www.dora-cheng.com\/home\/wp-content\/uploads\/2023\/11\/08551-scaled.jpg?resize=1568%2C1045 1568w, https:\/\/i0.wp.com\/www.dora-cheng.com\/home\/wp-content\/uploads\/2023\/11\/08551-scaled.jpg?w=2250 2250w\" sizes=\"auto, (max-width: 750px) 100vw, 750px\" \/><\/figure>\n\n\n\n<figure class=\"wp-block-gallery has-nested-images columns-default is-cropped wp-block-gallery-2 is-layout-flex wp-block-gallery-is-layout-flex\">\n<figure class=\"wp-block-image size-large\"><img data-recalc-dims=\"1\" loading=\"lazy\" decoding=\"async\" width=\"750\" height=\"500\" data-id=\"899\" src=\"https:\/\/i0.wp.com\/www.dora-cheng.com\/home\/wp-content\/uploads\/2023\/11\/08561.jpg?resize=750%2C500\" alt=\"\" class=\"wp-image-899\" srcset=\"https:\/\/i0.wp.com\/www.dora-cheng.com\/home\/wp-content\/uploads\/2023\/11\/08561-scaled.jpg?resize=1024%2C683 1024w, https:\/\/i0.wp.com\/www.dora-cheng.com\/home\/wp-content\/uploads\/2023\/11\/08561-scaled.jpg?resize=300%2C200 300w, https:\/\/i0.wp.com\/www.dora-cheng.com\/home\/wp-content\/uploads\/2023\/11\/08561-scaled.jpg?resize=768%2C512 768w, https:\/\/i0.wp.com\/www.dora-cheng.com\/home\/wp-content\/uploads\/2023\/11\/08561-scaled.jpg?resize=1536%2C1024 1536w, https:\/\/i0.wp.com\/www.dora-cheng.com\/home\/wp-content\/uploads\/2023\/11\/08561-scaled.jpg?resize=2048%2C1365 2048w, https:\/\/i0.wp.com\/www.dora-cheng.com\/home\/wp-content\/uploads\/2023\/11\/08561-scaled.jpg?resize=1568%2C1045 1568w, https:\/\/i0.wp.com\/www.dora-cheng.com\/home\/wp-content\/uploads\/2023\/11\/08561-scaled.jpg?w=2250 2250w\" sizes=\"auto, (max-width: 750px) 100vw, 750px\" \/><figcaption class=\"wp-element-caption\"><strong>\u00a9Drama Panorama\/Emil Laa\u00df<\/strong><\/figcaption><\/figure>\n<\/figure>\n","protected":false},"excerpt":{"rendered":"<p>Workshop: Multilingualism on Stage in a Global Context Hosts:\u00a0Katharina R\u00f6sch and Henning BochertGuests:\u00a0Anne B\u00e9r\u00e9lowitch, Dora Yuemin Cheng, M\u00eerza Met\u00een2023\/10\/23Venue:\u00a0Refugio,\u00a0Berlin \u5de5\u4f5c\u574a\uff1a\u56fd\u9645\u89c6\u91ce\u4e0b\u7684\u591a\u8bed\u8a00\u620f\u5267\u4e3b\u6301\u4eba\uff1a\u5361\u7279\u7433\u5a1c\u00b7\u7f57\u65af \u6c49\u5b81\u00b7\u6ce2\u5207\u7279\u5609\u5bbe\uff1a\u5b89\u59ae\u00b7\u6bd4\u70ed\u6d1b\u7ef4\u5947 \u7a0b\u6708\u65fb \u7c73\u8d5e\u00b7\u83ab\u5ef72023\/10\/23\u5730\u70b9\uff1a\u67cf\u6797 We investigate this extensive subject area by exploring texts in a global context, focussing on the political aspects of multilingualism. Workshop leaders, guests, and participants propose texts which we discuss together. The&hellip; <a class=\"more-link\" href=\"http:\/\/www.dora-cheng.com\/home\/workshopmultilingualism-on-stage-in-a-global-context\/\">Continue reading <span class=\"screen-reader-text\">Workshop:Multilingualism on Stage in a Global Context <br \/>\u5de5\u4f5c\u574a\uff1a\u56fd\u9645\u89c6\u91ce\u4e0b\u7684\u591a\u8bed\u8a00\u620f\u5267<\/span><\/a><\/p>\n","protected":false},"author":1,"featured_media":0,"comment_status":"closed","ping_status":"closed","sticky":false,"template":"","format":"standard","meta":{"_eb_attr":"","_uag_custom_page_level_css":"","_jetpack_memberships_contains_paid_content":false,"footnotes":""},"categories":[27],"tags":[],"class_list":["post-892","post","type-post","status-publish","format-standard","hentry","category-events","entry"],"jetpack_featured_media_url":"","uagb_featured_image_src":{"full":false,"thumbnail":false,"medium":false,"medium_large":false,"large":false,"1536x1536":false,"2048x2048":false,"post-thumbnail":false},"uagb_author_info":{"display_name":"Dora","author_link":"http:\/\/www.dora-cheng.com\/home\/author\/dora\/"},"uagb_comment_info":0,"uagb_excerpt":"Workshop: Multilingualism on Stage in a Global Context Hosts:\u00a0Katharina R\u00f6sch and Henning BochertGuests:\u00a0Anne B\u00e9r\u00e9lowitch, Dora Yuemin Cheng, M\u00eerza Met\u00een2023\/10\/23Venue:\u00a0Refugio,\u00a0Berlin \u5de5\u4f5c\u574a\uff1a\u56fd\u9645\u89c6\u91ce\u4e0b\u7684\u591a\u8bed\u8a00\u620f\u5267\u4e3b\u6301\u4eba\uff1a\u5361\u7279\u7433\u5a1c\u00b7\u7f57\u65af \u6c49\u5b81\u00b7\u6ce2\u5207\u7279\u5609\u5bbe\uff1a\u5b89\u59ae\u00b7\u6bd4\u70ed\u6d1b\u7ef4\u5947 \u7a0b\u6708\u65fb \u7c73\u8d5e\u00b7\u83ab\u5ef72023\/10\/23\u5730\u70b9\uff1a\u67cf\u6797 We investigate this extensive subject area by exploring texts in a global context, focussing on the political aspects of multilingualism. Workshop leaders, guests, and participants propose texts which we discuss together. The&hellip;&hellip;","jetpack_sharing_enabled":true,"_links":{"self":[{"href":"http:\/\/www.dora-cheng.com\/home\/wp-json\/wp\/v2\/posts\/892","targetHints":{"allow":["GET"]}}],"collection":[{"href":"http:\/\/www.dora-cheng.com\/home\/wp-json\/wp\/v2\/posts"}],"about":[{"href":"http:\/\/www.dora-cheng.com\/home\/wp-json\/wp\/v2\/types\/post"}],"author":[{"embeddable":true,"href":"http:\/\/www.dora-cheng.com\/home\/wp-json\/wp\/v2\/users\/1"}],"replies":[{"embeddable":true,"href":"http:\/\/www.dora-cheng.com\/home\/wp-json\/wp\/v2\/comments?post=892"}],"version-history":[{"count":4,"href":"http:\/\/www.dora-cheng.com\/home\/wp-json\/wp\/v2\/posts\/892\/revisions"}],"predecessor-version":[{"id":927,"href":"http:\/\/www.dora-cheng.com\/home\/wp-json\/wp\/v2\/posts\/892\/revisions\/927"}],"wp:attachment":[{"href":"http:\/\/www.dora-cheng.com\/home\/wp-json\/wp\/v2\/media?parent=892"}],"wp:term":[{"taxonomy":"category","embeddable":true,"href":"http:\/\/www.dora-cheng.com\/home\/wp-json\/wp\/v2\/categories?post=892"},{"taxonomy":"post_tag","embeddable":true,"href":"http:\/\/www.dora-cheng.com\/home\/wp-json\/wp\/v2\/tags?post=892"}],"curies":[{"name":"wp","href":"https:\/\/api.w.org\/{rel}","templated":true}]}}